{"id":1088,"date":"2021-12-03T17:53:57","date_gmt":"2021-12-03T17:53:57","guid":{"rendered":"https:\/\/www.carsac.fr\/?p=1088"},"modified":"2021-12-03T17:55:14","modified_gmt":"2021-12-03T17:55:14","slug":"nouveau-vin-1962","status":"publish","type":"post","link":"https:\/\/www.carsac.fr\/index.php\/2021\/12\/03\/nouveau-vin-1962\/","title":{"rendered":"Nouveau vin \u00ab\u00a01962\u00a0\u00bb"},"content":{"rendered":"<p>[et_pb_section fb_built=\u00a0\u00bb1&Prime; fullwidth=\u00a0\u00bbon\u00a0\u00bb _builder_version=\u00a0\u00bb3.19.5&Prime; background_image=\u00a0\u00bbhttps:\/\/www.carsac.fr\/wp-content\/uploads\/2020\/04\/08279_083-scaled.jpg\u00a0\u00bb][et_pb_fullwidth_header title=\u00a0\u00bbLES VIGNOBLES DE CARSAC\u00a0\u00bb subhead=\u00a0\u00bbLE BLOG\u00a0\u00bb text_orientation=\u00a0\u00bbcenter\u00a0\u00bb logo_image_url=\u00a0\u00bbhttps:\/\/www.carsac.fr\/wp-content\/uploads\/2020\/01\/logo.png\u00a0\u00bb _builder_version=\u00a0\u00bb3.19.5&Prime; title_font=\u00a0\u00bb||||||||\u00a0\u00bb title_font_size=\u00a0\u00bb38px\u00a0\u00bb title_font_size_tablet=\u00a0\u00bb24px\u00a0\u00bb title_font_size_phone=\u00a0\u00bb16px\u00a0\u00bb title_font_size_last_edited=\u00a0\u00bbon|phone\u00a0\u00bb background_color=\u00a0\u00bbrgba(255,255,255,0.46)\u00a0\u00bb custom_css_logo=\u00a0\u00bbwidth: 20%;\t\u00ab\u00a0][\/et_pb_fullwidth_header][\/et_pb_section][et_pb_section fb_built=\u00a0\u00bb1&Prime; _builder_version=\u00a0\u00bb3.19.5&Prime; box_shadow_style=\u00a0\u00bbpreset6&Prime;][et_pb_row admin_label=\u00a0\u00bbLigne\u00a0\u00bb _builder_version=\u00a0\u00bb3.19.5&Prime;][et_pb_column type=\u00a0\u00bb1_2&Prime; _builder_version=\u00a0\u00bb3.19.5&Prime; parallax=\u00a0\u00bboff\u00a0\u00bb parallax_method=\u00a0\u00bbon\u00a0\u00bb][\/et_pb_column][et_pb_column type=\u00a0\u00bb1_2&Prime; _builder_version=\u00a0\u00bb3.19.5&Prime; parallax=\u00a0\u00bboff\u00a0\u00bb parallax_method=\u00a0\u00bbon\u00a0\u00bb][et_pb_post_title author=\u00a0\u00bboff\u00a0\u00bb date_format=\u00a0\u00bbj \/ m \/ o\u00a0\u00bb categories=\u00a0\u00bboff\u00a0\u00bb comments=\u00a0\u00bboff\u00a0\u00bb featured_image=\u00a0\u00bboff\u00a0\u00bb _builder_version=\u00a0\u00bb3.19.5&Prime; title_font=\u00a0\u00bb||||||||\u00a0\u00bb title_text_align=\u00a0\u00bbleft\u00a0\u00bb title_font_size=\u00a0\u00bb35px\u00a0\u00bb title_font_size_tablet=\u00a0\u00bb24px\u00a0\u00bb title_font_size_phone=\u00a0\u00bb18px\u00a0\u00bb title_font_size_last_edited=\u00a0\u00bbon|phone\u00a0\u00bb][\/et_pb_post_title][et_pb_divider divider_position=\u00a0\u00bbcenter\u00a0\u00bb divider_weight=\u00a0\u00bb3px\u00a0\u00bb _builder_version=\u00a0\u00bb3.19.5&Prime;][\/et_pb_divider][\/et_pb_column][\/et_pb_row][et_pb_row make_equal=\u00a0\u00bbon\u00a0\u00bb _builder_version=\u00a0\u00bb3.19.5&Prime; collapsed=\u00a0\u00bboff\u00a0\u00bb][et_pb_column type=\u00a0\u00bb1_2&Prime; _builder_version=\u00a0\u00bb3.19.5&Prime; parallax=\u00a0\u00bboff\u00a0\u00bb parallax_method=\u00a0\u00bbon\u00a0\u00bb][et_pb_post_title title=\u00a0\u00bboff\u00a0\u00bb meta=\u00a0\u00bboff\u00a0\u00bb _builder_version=\u00a0\u00bb3.19.5&Prime; box_shadow_style=\u00a0\u00bbpreset3&Prime;][\/et_pb_post_title][\/et_pb_column][et_pb_column type=\u00a0\u00bb1_2&Prime; _builder_version=\u00a0\u00bb3.19.5&Prime; parallax=\u00a0\u00bboff\u00a0\u00bb parallax_method=\u00a0\u00bbon\u00a0\u00bb][et_pb_text _builder_version=\u00a0\u00bb3.19.5&Prime; text_font=\u00a0\u00bb||||||||\u00a0\u00bb text_font_size=\u00a0\u00bb16px\u00a0\u00bb text_font_size_phone=\u00a0\u00bb14px\u00a0\u00bb text_font_size_last_edited=\u00a0\u00bbon|phone\u00a0\u00bb text_orientation=\u00a0\u00bbjustified\u00a0\u00bb custom_padding=\u00a0\u00bb15px|15px|15px|15px|true|true\u00a0\u00bb]<\/p>\n<p>Vin rouge , 1962, ann\u00e9e de cr\u00e9ation de la cave de Cavanac, nous souhaitions rendre hommage \u00e0 nos ain\u00e9s.<\/p>\n<p>Vin rouge \u00e0 la couleur \u00ab&nbsp;violine \u00ab&nbsp; profonde, aux ar\u00f4mes de confitures de mures, cassis et framboise, aux notes \u00e9pic\u00e9es et poivr\u00e9es , tr\u00e8s agr\u00e9able et rond en bouche.<\/p>\n<p>&nbsp;<\/p>\n<p>Prix de vente \u00e0 la boutique de 14 euros la bouteille<\/p>\n<p>[\/et_pb_text][\/et_pb_column][\/et_pb_row][et_pb_row _builder_version=\u00a0\u00bb3.19.5&Prime;][et_pb_column type=\u00a0\u00bb4_4&Prime; _builder_version=\u00a0\u00bb3.19.5&Prime; parallax=\u00a0\u00bboff\u00a0\u00bb parallax_method=\u00a0\u00bbon\u00a0\u00bb][et_pb_post_nav in_same_term=\u00a0\u00bbon\u00a0\u00bb _builder_version=\u00a0\u00bb3.19.5&Prime; title_font=\u00a0\u00bb||||||||\u00a0\u00bb title_text_color=\u00a0\u00bb#444444&Prime; title_font_size=\u00a0\u00bb16px\u00a0\u00bb][\/et_pb_post_nav][\/et_pb_column][\/et_pb_row][\/et_pb_section][et_pb_section fb_built=\u00a0\u00bb1&Prime; _builder_version=\u00a0\u00bb3.19.5&Prime; background_color=\u00a0\u00bb#444444&Prime; use_background_color_gradient=\u00a0\u00bbon\u00a0\u00bb background_color_gradient_start=\u00a0\u00bb#444444&Prime; background_color_gradient_end=\u00a0\u00bb#000000&Prime; custom_padding=\u00a0\u00bb54px|0px|30px|0px|false|false\u00a0\u00bb global_module=\u00a0\u00bb514&Prime; saved_tabs=\u00a0\u00bball\u00a0\u00bb][et_pb_row admin_label=\u00a0\u00bbLigne\u00a0\u00bb _builder_version=\u00a0\u00bb3.19.5&Prime;][et_pb_column type=\u00a0\u00bb1_3&Prime; _builder_version=\u00a0\u00bb3.19.5&Prime; parallax=\u00a0\u00bboff\u00a0\u00bb parallax_method=\u00a0\u00bbon\u00a0\u00bb][et_pb_text _builder_version=\u00a0\u00bb3.19.5&Prime; text_font=\u00a0\u00bb||||||||\u00a0\u00bb text_text_color=\u00a0\u00bb#ffffff\u00a0\u00bb header_font=\u00a0\u00bb||||||||\u00a0\u00bb header_3_font=\u00a0\u00bb||||||||\u00a0\u00bb header_3_text_color=\u00a0\u00bb#ffffff\u00a0\u00bb text_orientation=\u00a0\u00bbcenter\u00a0\u00bb]<\/p>\n<h3>SCAV VIGNOBLES DE CARSAC<\/h3>\n<p><span>380 All\u00e9e Vend\u00e9miaire<\/span><\/p>\n<p><span>11570 CAVANAC<\/span><\/p>\n<p>[\/et_pb_text][\/et_pb_column][et_pb_column type=\u00a0\u00bb1_3&Prime; _builder_version=\u00a0\u00bb3.19.5&Prime; parallax=\u00a0\u00bboff\u00a0\u00bb parallax_method=\u00a0\u00bbon\u00a0\u00bb][et_pb_text _builder_version=\u00a0\u00bb3.19.5&Prime; text_font=\u00a0\u00bb||||||||\u00a0\u00bb text_text_color=\u00a0\u00bb#ffffff\u00a0\u00bb header_font=\u00a0\u00bb||||||||\u00a0\u00bb header_3_font=\u00a0\u00bb||||||||\u00a0\u00bb header_3_text_color=\u00a0\u00bb#ffffff\u00a0\u00bb text_orientation=\u00a0\u00bbcenter\u00a0\u00bb]<\/p>\n<h3>Suivez nous sur :<\/h3>\n<p><span><\/span><\/p>\n<p>[\/et_pb_text][et_pb_social_media_follow _builder_version=\u00a0\u00bb3.19.5&Prime; text_orientation=\u00a0\u00bbcenter\u00a0\u00bb][et_pb_social_media_follow_network social_network=\u00a0\u00bbfacebook\u00a0\u00bb url=\u00a0\u00bbhttps:\/\/www.facebook.com\/vignoblesdecarsac.cave\u00a0\u00bb _builder_version=\u00a0\u00bb3.19.5&Prime; background_color=\u00a0\u00bb#3b5998&Prime; follow_button=\u00a0\u00bboff\u00a0\u00bb url_new_window=\u00a0\u00bbon\u00a0\u00bb]facebook[\/et_pb_social_media_follow_network][\/et_pb_social_media_follow][\/et_pb_column][et_pb_column type=\u00a0\u00bb1_3&Prime; _builder_version=\u00a0\u00bb3.19.5&Prime; parallax=\u00a0\u00bboff\u00a0\u00bb parallax_method=\u00a0\u00bbon\u00a0\u00bb][et_pb_text _builder_version=\u00a0\u00bb3.19.5&Prime; text_font=\u00a0\u00bb||||||||\u00a0\u00bb text_text_color=\u00a0\u00bb#ffffff\u00a0\u00bb header_font=\u00a0\u00bb||||||||\u00a0\u00bb header_3_font=\u00a0\u00bb||||||||\u00a0\u00bb header_3_text_color=\u00a0\u00bb#ffffff\u00a0\u00bb text_orientation=\u00a0\u00bbcenter\u00a0\u00bb]T\u00e9l\u00e9phone :&nbsp;<span>00 33 (0)4 68 79 88 21<\/span><\/p>\n<p><span>E-mail : <a href=\"mailto:contact@carsac.fr\">contact@carsac.fr<\/a><\/span>[\/et_pb_text][\/et_pb_column][\/et_pb_row][et_pb_row make_fullwidth=\u00a0\u00bbon\u00a0\u00bb _builder_version=\u00a0\u00bb3.19.5&Prime;][et_pb_column type=\u00a0\u00bb1_6&Prime; _builder_version=\u00a0\u00bb3.19.5&Prime; parallax=\u00a0\u00bboff\u00a0\u00bb parallax_method=\u00a0\u00bbon\u00a0\u00bb][\/et_pb_column][et_pb_column type=\u00a0\u00bb1_6&Prime; _builder_version=\u00a0\u00bb3.19.5&Prime; parallax=\u00a0\u00bboff\u00a0\u00bb parallax_method=\u00a0\u00bbon\u00a0\u00bb][\/et_pb_column][et_pb_column type=\u00a0\u00bb1_6&Prime; _builder_version=\u00a0\u00bb3.19.5&Prime; parallax=\u00a0\u00bboff\u00a0\u00bb parallax_method=\u00a0\u00bbon\u00a0\u00bb][et_pb_image src=\u00a0\u00bbhttps:\/\/www.carsac.fr\/wp-content\/uploads\/2020\/04\/signe\u0301-pays-cathare.jpg\u00a0\u00bb align=\u00a0\u00bbcenter\u00a0\u00bb _builder_version=\u00a0\u00bb3.19.5&Prime; module_alignment=\u00a0\u00bbleft\u00a0\u00bb][\/et_pb_image][\/et_pb_column][et_pb_column type=\u00a0\u00bb1_6&Prime; _builder_version=\u00a0\u00bb3.19.5&Prime; parallax=\u00a0\u00bboff\u00a0\u00bb parallax_method=\u00a0\u00bbon\u00a0\u00bb][et_pb_image src=\u00a0\u00bbhttps:\/\/www.carsac.fr\/wp-content\/uploads\/2020\/04\/qualite\u0301-sud-de-france.jpg\u00a0\u00bb align=\u00a0\u00bbcenter\u00a0\u00bb _builder_version=\u00a0\u00bb3.19.5&Prime; module_alignment=\u00a0\u00bbleft\u00a0\u00bb][\/et_pb_image][\/et_pb_column][et_pb_column type=\u00a0\u00bb1_6&Prime; _builder_version=\u00a0\u00bb3.19.5&Prime; parallax=\u00a0\u00bboff\u00a0\u00bb parallax_method=\u00a0\u00bbon\u00a0\u00bb][\/et_pb_column][et_pb_column type=\u00a0\u00bb1_6&Prime; _builder_version=\u00a0\u00bb3.19.5&Prime; parallax=\u00a0\u00bboff\u00a0\u00bb parallax_method=\u00a0\u00bbon\u00a0\u00bb][\/et_pb_column][\/et_pb_row][et_pb_row custom_padding=\u00a0\u00bb27px|0px|0|0px|false|false\u00a0\u00bb _builder_version=\u00a0\u00bb3.19.5&Prime;][et_pb_column type=\u00a0\u00bb4_4&Prime; _builder_version=\u00a0\u00bb3.19.5&Prime; parallax=\u00a0\u00bboff\u00a0\u00bb parallax_method=\u00a0\u00bbon\u00a0\u00bb][et_pb_image src=\u00a0\u00bbhttps:\/\/www.carsac.fr\/wp-content\/uploads\/2020\/04\/no-alcool-pendant-la-grossesse50x50-1.png\u00a0\u00bb align=\u00a0\u00bbcenter\u00a0\u00bb _builder_version=\u00a0\u00bb3.19.5&Prime; max_width=\u00a0\u00bb50px\u00a0\u00bb module_alignment=\u00a0\u00bbcenter\u00a0\u00bb custom_margin=\u00a0\u00bb||0px\u00a0\u00bb custom_padding=\u00a0\u00bb||0px\u00a0\u00bb][\/et_pb_image][\/et_pb_column][\/et_pb_row][\/et_pb_section]<\/p>\n","protected":false},"excerpt":{"rendered":"<p>Vin rouge , 1962, ann\u00e9e de cr\u00e9ation de la cave de Cavanac, nous souhaitions rendre hommage \u00e0 nos ain\u00e9s. Vin rouge \u00e0 la couleur \u00ab&nbsp;violine \u00ab&nbsp; profonde, aux ar\u00f4mes de confitures de mures, cassis et framboise, aux notes \u00e9pic\u00e9es et poivr\u00e9es , tr\u00e8s agr\u00e9able et rond en bouche. &nbsp; Prix de vente \u00e0 la boutique [&hellip;]<\/p>\n","protected":false},"author":1,"featured_media":1089,"comment_status":"closed","ping_status":"closed","sticky":false,"template":"","format":"standard","meta":{"_et_pb_use_builder":"on","_et_pb_old_content":"","_et_gb_content_width":"","_mi_skip_tracking":false},"categories":[3],"tags":[],"_links":{"self":[{"href":"https:\/\/www.carsac.fr\/index.php\/wp-json\/wp\/v2\/posts\/1088"}],"collection":[{"href":"https:\/\/www.carsac.fr\/index.php\/wp-json\/wp\/v2\/posts"}],"about":[{"href":"https:\/\/www.carsac.fr\/index.php\/wp-json\/wp\/v2\/types\/post"}],"author":[{"embeddable":true,"href":"https:\/\/www.carsac.fr\/index.php\/wp-json\/wp\/v2\/users\/1"}],"replies":[{"embeddable":true,"href":"https:\/\/www.carsac.fr\/index.php\/wp-json\/wp\/v2\/comments?post=1088"}],"version-history":[{"count":4,"href":"https:\/\/www.carsac.fr\/index.php\/wp-json\/wp\/v2\/posts\/1088\/revisions"}],"predecessor-version":[{"id":1093,"href":"https:\/\/www.carsac.fr\/index.php\/wp-json\/wp\/v2\/posts\/1088\/revisions\/1093"}],"wp:featuredmedia":[{"embeddable":true,"href":"https:\/\/www.carsac.fr\/index.php\/wp-json\/wp\/v2\/media\/1089"}],"wp:attachment":[{"href":"https:\/\/www.carsac.fr\/index.php\/wp-json\/wp\/v2\/media?parent=1088"}],"wp:term":[{"taxonomy":"category","embeddable":true,"href":"https:\/\/www.carsac.fr\/index.php\/wp-json\/wp\/v2\/categories?post=1088"},{"taxonomy":"post_tag","embeddable":true,"href":"https:\/\/www.carsac.fr\/index.php\/wp-json\/wp\/v2\/tags?post=1088"}],"curies":[{"name":"wp","href":"https:\/\/api.w.org\/{rel}","templated":true}]}}